{"id":2098,"date":"2024-12-04T20:03:33","date_gmt":"2024-12-04T19:03:33","guid":{"rendered":"https:\/\/be-cold.be\/?p=2098"},"modified":"2024-12-04T20:03:34","modified_gmt":"2024-12-04T19:03:34","slug":"be-cold-waarschuwt-voor-de-gevolgen-van-stijgende-transmissietarieven-en-de-ets2-regeling-voor-de-belgische-koel-en-vriessector","status":"publish","type":"post","link":"https:\/\/be-cold.be\/fr\/nieuws\/be-cold-met-en-garde-contre-limpact-de-la-hausse-des-tarifs-de-transmission-et-du-programme-ets2-sur-le-secteur-de-la-refrigeration-en-belgique\/","title":{"rendered":"BE-Cold met en garde contre l'impact de la hausse des tarifs de transmission et de la r\u00e9glementation ETS2 sur le secteur belge de la r\u00e9frig\u00e9ration et de la cong\u00e9lation"},"content":{"rendered":"<h6 class=\"wp-block-heading\">BE-Cold, la F\u00e9d\u00e9ration belge de la cha\u00eene du froid, se dit tr\u00e8s pr\u00e9occup\u00e9e par l'impact de la hausse des tarifs des r\u00e9seaux de transport et du r\u00e8glement ETS2 annonc\u00e9 sur le secteur belge de la r\u00e9frig\u00e9ration et de la cong\u00e9lation. Le secteur, compos\u00e9 principalement de PME, est confront\u00e9 \u00e0 des d\u00e9fis importants en raison de la hausse des co\u00fbts et de l'intensification de la concurrence internationale.<\/h6>","protected":false},"excerpt":{"rendered":"<p>BE-Cold, la F\u00e9d\u00e9ration belge de la cha\u00eene du froid, se dit tr\u00e8s pr\u00e9occup\u00e9e par l'impact de la hausse des tarifs des r\u00e9seaux de transport et du r\u00e8glement ETS2 annonc\u00e9 sur le secteur belge de la r\u00e9frig\u00e9ration et de la cong\u00e9lation. Le secteur, compos\u00e9 principalement de PME, est confront\u00e9 \u00e0 des d\u00e9fis importants en raison de la hausse des co\u00fbts et de l'intensification de la concurrence internationale.<\/p>","protected":false},"author":8,"featured_media":1424,"comment_status":"closed","ping_status":"closed","sticky":false,"template":"","format":"standard","meta":{"_seopress_robots_primary_cat":"none","_seopress_titles_title":"","_seopress_titles_desc":"","_seopress_robots_index":"","iawp_total_views":7,"footnotes":""},"categories":[1],"tags":[],"class_list":["post-2098","post","type-post","status-publish","format-standard","has-post-thumbnail","hentry","category-nieuws"],"_links":{"self":[{"href":"https:\/\/be-cold.be\/fr\/wp-json\/wp\/v2\/posts\/2098","targetHints":{"allow":["GET"]}}],"collection":[{"href":"https:\/\/be-cold.be\/fr\/wp-json\/wp\/v2\/posts"}],"about":[{"href":"https:\/\/be-cold.be\/fr\/wp-json\/wp\/v2\/types\/post"}],"author":[{"embeddable":true,"href":"https:\/\/be-cold.be\/fr\/wp-json\/wp\/v2\/users\/8"}],"replies":[{"embeddable":true,"href":"https:\/\/be-cold.be\/fr\/wp-json\/wp\/v2\/comments?post=2098"}],"version-history":[{"count":1,"href":"https:\/\/be-cold.be\/fr\/wp-json\/wp\/v2\/posts\/2098\/revisions"}],"predecessor-version":[{"id":2102,"href":"https:\/\/be-cold.be\/fr\/wp-json\/wp\/v2\/posts\/2098\/revisions\/2102"}],"wp:featuredmedia":[{"embeddable":true,"href":"https:\/\/be-cold.be\/fr\/wp-json\/wp\/v2\/media\/1424"}],"wp:attachment":[{"href":"https:\/\/be-cold.be\/fr\/wp-json\/wp\/v2\/media?parent=2098"}],"wp:term":[{"taxonomy":"category","embeddable":true,"href":"https:\/\/be-cold.be\/fr\/wp-json\/wp\/v2\/categories?post=2098"},{"taxonomy":"post_tag","embeddable":true,"href":"https:\/\/be-cold.be\/fr\/wp-json\/wp\/v2\/tags?post=2098"}],"curies":[{"name":"wp","href":"https:\/\/api.w.org\/{rel}","templated":true}]}}