{"id":2260,"date":"2025-04-03T16:54:40","date_gmt":"2025-04-03T14:54:40","guid":{"rendered":"https:\/\/be-cold.be\/?p=2260"},"modified":"2025-04-03T16:54:42","modified_gmt":"2025-04-03T14:54:42","slug":"cubecold-kondigt-nieuw-leiderschapsteam-aan","status":"publish","type":"post","link":"https:\/\/be-cold.be\/fr\/nieuws\/cubecold-annonce-une-nouvelle-equipe-de-direction\/","title":{"rendered":"CubeCold annonce une nouvelle \u00e9quipe de direction"},"content":{"rendered":"<h6 class=\"wp-block-heading\">\"Nous sommes ravis d'accueillir une \u00e9quipe tr\u00e8s exp\u00e9riment\u00e9e et talentueuse \u00e0 la t\u00eate de CubeCold\", a d\u00e9clar\u00e9 Hardip Rai, pr\u00e9sident ex\u00e9cutif de CubeCold.<br><br>\"CubeCold s'est d\u00e9velopp\u00e9 en peu de temps et est devenu un acteur majeur du secteur europ\u00e9en de l'entreposage frigorifique, mais nous pensons qu'il y a encore beaucoup de croissance \u00e0 r\u00e9aliser, et nous sommes convaincus que Dave, avec Paul et Liz, peut r\u00e9aliser les ambitions que nous avons pour CubeCold, ses clients et l'ensemble de ses employ\u00e9s. Avec l'arriv\u00e9e de Dave, je reprendrai un r\u00f4le non ex\u00e9cutif\".<\/h6>","protected":false},"excerpt":{"rendered":"<p>&#8220;We zijn verheugd een zeer ervaren en getalenteerde team te verwelkomen om CubeCold te leiden,&#8221; zei Hardip Rai, uitvoerend voorzitter van CubeCold. &#8220;CubeCold is in korte tijd gegroeid en een belangrijke speler geworden in de Europese koudopslagsector, maar we geloven dat er nog aanzienlijke verdere groei te realiseren is, en we zijn ervan overtuigd dat [&hellip;]<\/p>\n","protected":false},"author":8,"featured_media":2263,"comment_status":"closed","ping_status":"closed","sticky":false,"template":"","format":"standard","meta":{"_seopress_robots_primary_cat":"none","_seopress_titles_title":"","_seopress_titles_desc":"","_seopress_robots_index":"","iawp_total_views":30,"footnotes":""},"categories":[1],"tags":[],"class_list":["post-2260","post","type-post","status-publish","format-standard","has-post-thumbnail","hentry","category-nieuws"],"_links":{"self":[{"href":"https:\/\/be-cold.be\/fr\/wp-json\/wp\/v2\/posts\/2260","targetHints":{"allow":["GET"]}}],"collection":[{"href":"https:\/\/be-cold.be\/fr\/wp-json\/wp\/v2\/posts"}],"about":[{"href":"https:\/\/be-cold.be\/fr\/wp-json\/wp\/v2\/types\/post"}],"author":[{"embeddable":true,"href":"https:\/\/be-cold.be\/fr\/wp-json\/wp\/v2\/users\/8"}],"replies":[{"embeddable":true,"href":"https:\/\/be-cold.be\/fr\/wp-json\/wp\/v2\/comments?post=2260"}],"version-history":[{"count":1,"href":"https:\/\/be-cold.be\/fr\/wp-json\/wp\/v2\/posts\/2260\/revisions"}],"predecessor-version":[{"id":2264,"href":"https:\/\/be-cold.be\/fr\/wp-json\/wp\/v2\/posts\/2260\/revisions\/2264"}],"wp:featuredmedia":[{"embeddable":true,"href":"https:\/\/be-cold.be\/fr\/wp-json\/wp\/v2\/media\/2263"}],"wp:attachment":[{"href":"https:\/\/be-cold.be\/fr\/wp-json\/wp\/v2\/media?parent=2260"}],"wp:term":[{"taxonomy":"category","embeddable":true,"href":"https:\/\/be-cold.be\/fr\/wp-json\/wp\/v2\/categories?post=2260"},{"taxonomy":"post_tag","embeddable":true,"href":"https:\/\/be-cold.be\/fr\/wp-json\/wp\/v2\/tags?post=2260"}],"curies":[{"name":"wp","href":"https:\/\/api.w.org\/{rel}","templated":true}]}}